{"id":17,"date":"2022-04-30T12:49:00","date_gmt":"2022-04-30T12:49:00","guid":{"rendered":"https:\/\/www.tripto.se\/blog\/?p=17"},"modified":"2022-04-30T12:49:01","modified_gmt":"2022-04-30T12:49:01","slug":"smaland-semester-mellan-ostkusten-och-vattern","status":"publish","type":"post","link":"https:\/\/www.tripto.se\/blog\/smaland-semester-mellan-ostkusten-och-vattern\/","title":{"rendered":"Sm\u00e5land &#8211; Semester mellan \u00d6stkusten och V\u00e4ttern"},"content":{"rendered":"\n<p>Inget annat lanskap \u00e4r v\u00e4l s\u00e5 v\u00e4lk\u00e4nt som Astrid Lindgrens Sm\u00e5land. Kom till det enda riktiga Bullerbylandet!<\/p>\n\n\n\n<p><br>Men Sm\u00e5land \u00e4r s\u00e5 mycket mer \u00e4n Emil fr\u00e5n L\u00f6nneberga och Bullerbybarnen. Faktum \u00e4r att dess historia \u00e4r riktigt intressant. Sm\u00e5land bestod just som namnet antyder av m\u00e5nga sm\u00e5 land, som alla hade en viss sj\u00e4lvbest\u00e4mmander\u00e4tt och egna r\u00e4ttssystem, vilket resulterade i olikheter emellan l\u00e4nen (J\u00f6nk\u00f6pings l\u00e4n, Kalmar l\u00e4n, Kronobergs l\u00e4n, Hallands l\u00e4n och \u00d6sterg\u00f6tlands k\u00e4n) som \u00e4n idag best\u00e5r.<br>Landskapet str\u00e4cker sig fr\u00e5n s\u00f6der och \u00f6stersj\u00f6kusten till nordv\u00e4st och V\u00e4ttern. Det gr\u00e4nsar till Sk\u00e5ne och Blekinge i s\u00f6der, \u00d6sterg\u00f6tland i norr samt V\u00e4sterg\u00f6tland och Halland i v\u00e4ster. Precis som de olika delarna av landskapet skiljer sig naturen \u00e5t. Det finns barrskog, mossar och underbara sj\u00f6ar. Det \u00e4r den idyll som Astrid Lindgren valde att ha som sk\u00e5deplats f\u00f6r sina ber\u00e4ttelser.<\/p>\n\n\n\n<p><br>Ta g\u00e4rna med barnen till Astrid Lindgrens V\u00e4rld i Vimmerby f\u00f6r en fantastisk upplevelse. De vuxna finner kanske \u00e4ven n\u00f6je i Glasrikets rika utbud. Geografiskt ligger Glasriket huvudsakligen i Lessebo, Emmaboda och Nybro kommuner i syd\u00f6stra Sm\u00e5land, men \u00e4ven i Uppvidige. Detta \u00e4r ingen tillf\u00e4llighet utan utg\u00f6r resultatet av mycket medvetna politiska satsningar under 1700- och 1800-talen. Landsh\u00f6vdingarna i Kronoberg och Kalmars l\u00e4n kom \u00f6verens om att f\u00f6rs\u00f6ka utnyttja omr\u00e5det kring l\u00e4nsgr\u00e4nsen f\u00f6r industriellt bruk.<br>Andra st\u00e4der som \u00e4r v\u00e4l v\u00e4rda ett bes\u00f6k \u00e4r J\u00f6nk\u00f6ping med sitt t\u00e4ndsticksmuseum samt det pittoreska Kalmar med sin fina gamla stadsk\u00e4rna och Vasaslottet. Missa heller inte Oskarshamn och Fnyket; hamnen.<\/p>\n\n\n\n<p><br>Varmt v\u00e4lkomna till det omv\u00e4xlingsrika Sm\u00e5land! Njut av allt fr\u00e5n den underbara naturen till sm\u00e5st\u00e4der och st\u00f6rre orter samt fantastiskt hantverk.<\/p>\n","protected":false},"excerpt":{"rendered":"<p>Inget annat lanskap \u00e4r v\u00e4l s\u00e5 v\u00e4lk\u00e4nt som Astrid Lindgrens Sm\u00e5land. Kom till det enda riktiga Bullerbylandet! Men Sm\u00e5land \u00e4r&#8230;<\/p>\n","protected":false},"author":2,"featured_media":14,"comment_status":"open","ping_status":"open","sticky":false,"template":"","format":"standard","meta":{"footnotes":""},"categories":[16],"tags":[],"class_list":["post-17","post","type-post","status-publish","format-standard","has-post-thumbnail","hentry","category-svenska-regioner-2"],"yoast_head":"<!-- This site is optimized with the Yoast SEO plugin v27.5 - https:\/\/yoast.com\/product\/yoast-seo-wordpress\/ -->\n<title>Sm\u00e5land - Semester mellan \u00d6stkusten och V\u00e4ttern - Blog<\/title>\n<meta name=\"robots\" content=\"index, follow, max-snippet:-1, max-image-preview:large, max-video-preview:-1\" \/>\n<link rel=\"canonical\" href=\"https:\/\/www.tripto.se\/blog\/smaland-semester-mellan-ostkusten-och-vattern\/\" \/>\n<meta property=\"og:locale\" content=\"sv_SE\" \/>\n<meta property=\"og:type\" content=\"article\" \/>\n<meta property=\"og:title\" content=\"Sm\u00e5land - Semester mellan \u00d6stkusten och V\u00e4ttern - Blog\" \/>\n<meta property=\"og:description\" content=\"Inget annat lanskap \u00e4r v\u00e4l s\u00e5 v\u00e4lk\u00e4nt som Astrid Lindgrens Sm\u00e5land. Kom till det enda riktiga Bullerbylandet! Men Sm\u00e5land \u00e4r...\" \/>\n<meta property=\"og:url\" content=\"https:\/\/www.tripto.se\/blog\/smaland-semester-mellan-ostkusten-och-vattern\/\" \/>\n<meta property=\"og:site_name\" content=\"Blog\" \/>\n<meta property=\"article:published_time\" content=\"2022-04-30T12:49:00+00:00\" \/>\n<meta property=\"article:modified_time\" content=\"2022-04-30T12:49:01+00:00\" \/>\n<meta property=\"og:image\" content=\"https:\/\/www.tripto.se\/blog\/wp-content\/uploads\/2022\/04\/smaland_1_tripto.jpeg\" \/>\n\t<meta property=\"og:image:width\" content=\"1600\" \/>\n\t<meta property=\"og:image:height\" content=\"1067\" \/>\n\t<meta property=\"og:image:type\" content=\"image\/jpeg\" \/>\n<meta name=\"author\" content=\"tripto\" \/>\n<meta name=\"twitter:card\" content=\"summary_large_image\" \/>\n<meta name=\"twitter:label1\" content=\"Skriven av\" \/>\n\t<meta name=\"twitter:data1\" content=\"tripto\" \/>\n\t<meta name=\"twitter:label2\" content=\"Ber\u00e4knad l\u00e4stid\" \/>\n\t<meta name=\"twitter:data2\" content=\"2 minuter\" \/>\n<script type=\"application\/ld+json\" class=\"yoast-schema-graph\">{\"@context\":\"https:\\\/\\\/schema.org\",\"@graph\":[{\"@type\":\"Article\",\"@id\":\"https:\\\/\\\/www.tripto.se\\\/blog\\\/smaland-semester-mellan-ostkusten-och-vattern\\\/#article\",\"isPartOf\":{\"@id\":\"https:\\\/\\\/www.tripto.se\\\/blog\\\/smaland-semester-mellan-ostkusten-och-vattern\\\/\"},\"author\":{\"name\":\"tripto\",\"@id\":\"https:\\\/\\\/www.tripto.se\\\/blog\\\/#\\\/schema\\\/person\\\/a237b897f313d1f57013a57a3d75ed04\"},\"headline\":\"Sm\u00e5land &#8211; Semester mellan \u00d6stkusten och V\u00e4ttern\",\"datePublished\":\"2022-04-30T12:49:00+00:00\",\"dateModified\":\"2022-04-30T12:49:01+00:00\",\"mainEntityOfPage\":{\"@id\":\"https:\\\/\\\/www.tripto.se\\\/blog\\\/smaland-semester-mellan-ostkusten-och-vattern\\\/\"},\"wordCount\":345,\"commentCount\":0,\"image\":{\"@id\":\"https:\\\/\\\/www.tripto.se\\\/blog\\\/smaland-semester-mellan-ostkusten-och-vattern\\\/#primaryimage\"},\"thumbnailUrl\":\"https:\\\/\\\/www.tripto.se\\\/blog\\\/wp-content\\\/uploads\\\/2022\\\/04\\\/smaland_1_tripto.jpeg\",\"articleSection\":[\"Svenska regioner\"],\"inLanguage\":\"sv-SE\",\"potentialAction\":[{\"@type\":\"CommentAction\",\"name\":\"Comment\",\"target\":[\"https:\\\/\\\/www.tripto.se\\\/blog\\\/smaland-semester-mellan-ostkusten-och-vattern\\\/#respond\"]}]},{\"@type\":\"WebPage\",\"@id\":\"https:\\\/\\\/www.tripto.se\\\/blog\\\/smaland-semester-mellan-ostkusten-och-vattern\\\/\",\"url\":\"https:\\\/\\\/www.tripto.se\\\/blog\\\/smaland-semester-mellan-ostkusten-och-vattern\\\/\",\"name\":\"Sm\u00e5land - Semester mellan \u00d6stkusten och V\u00e4ttern - Blog\",\"isPartOf\":{\"@id\":\"https:\\\/\\\/www.tripto.se\\\/blog\\\/#website\"},\"primaryImageOfPage\":{\"@id\":\"https:\\\/\\\/www.tripto.se\\\/blog\\\/smaland-semester-mellan-ostkusten-och-vattern\\\/#primaryimage\"},\"image\":{\"@id\":\"https:\\\/\\\/www.tripto.se\\\/blog\\\/smaland-semester-mellan-ostkusten-och-vattern\\\/#primaryimage\"},\"thumbnailUrl\":\"https:\\\/\\\/www.tripto.se\\\/blog\\\/wp-content\\\/uploads\\\/2022\\\/04\\\/smaland_1_tripto.jpeg\",\"datePublished\":\"2022-04-30T12:49:00+00:00\",\"dateModified\":\"2022-04-30T12:49:01+00:00\",\"author\":{\"@id\":\"https:\\\/\\\/www.tripto.se\\\/blog\\\/#\\\/schema\\\/person\\\/a237b897f313d1f57013a57a3d75ed04\"},\"breadcrumb\":{\"@id\":\"https:\\\/\\\/www.tripto.se\\\/blog\\\/smaland-semester-mellan-ostkusten-och-vattern\\\/#breadcrumb\"},\"inLanguage\":\"sv-SE\",\"potentialAction\":[{\"@type\":\"ReadAction\",\"target\":[\"https:\\\/\\\/www.tripto.se\\\/blog\\\/smaland-semester-mellan-ostkusten-och-vattern\\\/\"]}]},{\"@type\":\"ImageObject\",\"inLanguage\":\"sv-SE\",\"@id\":\"https:\\\/\\\/www.tripto.se\\\/blog\\\/smaland-semester-mellan-ostkusten-och-vattern\\\/#primaryimage\",\"url\":\"https:\\\/\\\/www.tripto.se\\\/blog\\\/wp-content\\\/uploads\\\/2022\\\/04\\\/smaland_1_tripto.jpeg\",\"contentUrl\":\"https:\\\/\\\/www.tripto.se\\\/blog\\\/wp-content\\\/uploads\\\/2022\\\/04\\\/smaland_1_tripto.jpeg\",\"width\":1600,\"height\":1067,\"caption\":\"Varnamo\"},{\"@type\":\"BreadcrumbList\",\"@id\":\"https:\\\/\\\/www.tripto.se\\\/blog\\\/smaland-semester-mellan-ostkusten-och-vattern\\\/#breadcrumb\",\"itemListElement\":[{\"@type\":\"ListItem\",\"position\":1,\"name\":\"Hem\",\"item\":\"https:\\\/\\\/www.tripto.se\\\/blog\\\/\"},{\"@type\":\"ListItem\",\"position\":2,\"name\":\"Sm\u00e5land &#8211; Semester mellan \u00d6stkusten och V\u00e4ttern\"}]},{\"@type\":\"WebSite\",\"@id\":\"https:\\\/\\\/www.tripto.se\\\/blog\\\/#website\",\"url\":\"https:\\\/\\\/www.tripto.se\\\/blog\\\/\",\"name\":\"Blog\",\"description\":\"Hyra stugor och semesterhus i hela Sverige I Boka din Sverigesemester\",\"potentialAction\":[{\"@type\":\"SearchAction\",\"target\":{\"@type\":\"EntryPoint\",\"urlTemplate\":\"https:\\\/\\\/www.tripto.se\\\/blog\\\/?s={search_term_string}\"},\"query-input\":{\"@type\":\"PropertyValueSpecification\",\"valueRequired\":true,\"valueName\":\"search_term_string\"}}],\"inLanguage\":\"sv-SE\"},{\"@type\":\"Person\",\"@id\":\"https:\\\/\\\/www.tripto.se\\\/blog\\\/#\\\/schema\\\/person\\\/a237b897f313d1f57013a57a3d75ed04\",\"name\":\"tripto\",\"image\":{\"@type\":\"ImageObject\",\"inLanguage\":\"sv-SE\",\"@id\":\"https:\\\/\\\/secure.gravatar.com\\\/avatar\\\/baf746157af7f0a6ed612f830d2dd81d7ecf2a5980bf680da8c22e9409de5ac4?s=96&d=mm&r=g\",\"url\":\"https:\\\/\\\/secure.gravatar.com\\\/avatar\\\/baf746157af7f0a6ed612f830d2dd81d7ecf2a5980bf680da8c22e9409de5ac4?s=96&d=mm&r=g\",\"contentUrl\":\"https:\\\/\\\/secure.gravatar.com\\\/avatar\\\/baf746157af7f0a6ed612f830d2dd81d7ecf2a5980bf680da8c22e9409de5ac4?s=96&d=mm&r=g\",\"caption\":\"tripto\"},\"url\":\"https:\\\/\\\/www.tripto.se\\\/blog\\\/author\\\/tripto\\\/\"}]}<\/script>\n<!-- \/ Yoast SEO plugin. -->","yoast_head_json":{"title":"Sm\u00e5land - Semester mellan \u00d6stkusten och V\u00e4ttern - Blog","robots":{"index":"index","follow":"follow","max-snippet":"max-snippet:-1","max-image-preview":"max-image-preview:large","max-video-preview":"max-video-preview:-1"},"canonical":"https:\/\/www.tripto.se\/blog\/smaland-semester-mellan-ostkusten-och-vattern\/","og_locale":"sv_SE","og_type":"article","og_title":"Sm\u00e5land - Semester mellan \u00d6stkusten och V\u00e4ttern - Blog","og_description":"Inget annat lanskap \u00e4r v\u00e4l s\u00e5 v\u00e4lk\u00e4nt som Astrid Lindgrens Sm\u00e5land. Kom till det enda riktiga Bullerbylandet! Men Sm\u00e5land \u00e4r...","og_url":"https:\/\/www.tripto.se\/blog\/smaland-semester-mellan-ostkusten-och-vattern\/","og_site_name":"Blog","article_published_time":"2022-04-30T12:49:00+00:00","article_modified_time":"2022-04-30T12:49:01+00:00","og_image":[{"width":1600,"height":1067,"url":"https:\/\/www.tripto.se\/blog\/wp-content\/uploads\/2022\/04\/smaland_1_tripto.jpeg","type":"image\/jpeg"}],"author":"tripto","twitter_card":"summary_large_image","twitter_misc":{"Skriven av":"tripto","Ber\u00e4knad l\u00e4stid":"2 minuter"},"schema":{"@context":"https:\/\/schema.org","@graph":[{"@type":"Article","@id":"https:\/\/www.tripto.se\/blog\/smaland-semester-mellan-ostkusten-och-vattern\/#article","isPartOf":{"@id":"https:\/\/www.tripto.se\/blog\/smaland-semester-mellan-ostkusten-och-vattern\/"},"author":{"name":"tripto","@id":"https:\/\/www.tripto.se\/blog\/#\/schema\/person\/a237b897f313d1f57013a57a3d75ed04"},"headline":"Sm\u00e5land &#8211; Semester mellan \u00d6stkusten och V\u00e4ttern","datePublished":"2022-04-30T12:49:00+00:00","dateModified":"2022-04-30T12:49:01+00:00","mainEntityOfPage":{"@id":"https:\/\/www.tripto.se\/blog\/smaland-semester-mellan-ostkusten-och-vattern\/"},"wordCount":345,"commentCount":0,"image":{"@id":"https:\/\/www.tripto.se\/blog\/smaland-semester-mellan-ostkusten-och-vattern\/#primaryimage"},"thumbnailUrl":"https:\/\/www.tripto.se\/blog\/wp-content\/uploads\/2022\/04\/smaland_1_tripto.jpeg","articleSection":["Svenska regioner"],"inLanguage":"sv-SE","potentialAction":[{"@type":"CommentAction","name":"Comment","target":["https:\/\/www.tripto.se\/blog\/smaland-semester-mellan-ostkusten-och-vattern\/#respond"]}]},{"@type":"WebPage","@id":"https:\/\/www.tripto.se\/blog\/smaland-semester-mellan-ostkusten-och-vattern\/","url":"https:\/\/www.tripto.se\/blog\/smaland-semester-mellan-ostkusten-och-vattern\/","name":"Sm\u00e5land - Semester mellan \u00d6stkusten och V\u00e4ttern - Blog","isPartOf":{"@id":"https:\/\/www.tripto.se\/blog\/#website"},"primaryImageOfPage":{"@id":"https:\/\/www.tripto.se\/blog\/smaland-semester-mellan-ostkusten-och-vattern\/#primaryimage"},"image":{"@id":"https:\/\/www.tripto.se\/blog\/smaland-semester-mellan-ostkusten-och-vattern\/#primaryimage"},"thumbnailUrl":"https:\/\/www.tripto.se\/blog\/wp-content\/uploads\/2022\/04\/smaland_1_tripto.jpeg","datePublished":"2022-04-30T12:49:00+00:00","dateModified":"2022-04-30T12:49:01+00:00","author":{"@id":"https:\/\/www.tripto.se\/blog\/#\/schema\/person\/a237b897f313d1f57013a57a3d75ed04"},"breadcrumb":{"@id":"https:\/\/www.tripto.se\/blog\/smaland-semester-mellan-ostkusten-och-vattern\/#breadcrumb"},"inLanguage":"sv-SE","potentialAction":[{"@type":"ReadAction","target":["https:\/\/www.tripto.se\/blog\/smaland-semester-mellan-ostkusten-och-vattern\/"]}]},{"@type":"ImageObject","inLanguage":"sv-SE","@id":"https:\/\/www.tripto.se\/blog\/smaland-semester-mellan-ostkusten-och-vattern\/#primaryimage","url":"https:\/\/www.tripto.se\/blog\/wp-content\/uploads\/2022\/04\/smaland_1_tripto.jpeg","contentUrl":"https:\/\/www.tripto.se\/blog\/wp-content\/uploads\/2022\/04\/smaland_1_tripto.jpeg","width":1600,"height":1067,"caption":"Varnamo"},{"@type":"BreadcrumbList","@id":"https:\/\/www.tripto.se\/blog\/smaland-semester-mellan-ostkusten-och-vattern\/#breadcrumb","itemListElement":[{"@type":"ListItem","position":1,"name":"Hem","item":"https:\/\/www.tripto.se\/blog\/"},{"@type":"ListItem","position":2,"name":"Sm\u00e5land &#8211; Semester mellan \u00d6stkusten och V\u00e4ttern"}]},{"@type":"WebSite","@id":"https:\/\/www.tripto.se\/blog\/#website","url":"https:\/\/www.tripto.se\/blog\/","name":"Blog","description":"Hyra stugor och semesterhus i hela Sverige I Boka din Sverigesemester","potentialAction":[{"@type":"SearchAction","target":{"@type":"EntryPoint","urlTemplate":"https:\/\/www.tripto.se\/blog\/?s={search_term_string}"},"query-input":{"@type":"PropertyValueSpecification","valueRequired":true,"valueName":"search_term_string"}}],"inLanguage":"sv-SE"},{"@type":"Person","@id":"https:\/\/www.tripto.se\/blog\/#\/schema\/person\/a237b897f313d1f57013a57a3d75ed04","name":"tripto","image":{"@type":"ImageObject","inLanguage":"sv-SE","@id":"https:\/\/secure.gravatar.com\/avatar\/baf746157af7f0a6ed612f830d2dd81d7ecf2a5980bf680da8c22e9409de5ac4?s=96&d=mm&r=g","url":"https:\/\/secure.gravatar.com\/avatar\/baf746157af7f0a6ed612f830d2dd81d7ecf2a5980bf680da8c22e9409de5ac4?s=96&d=mm&r=g","contentUrl":"https:\/\/secure.gravatar.com\/avatar\/baf746157af7f0a6ed612f830d2dd81d7ecf2a5980bf680da8c22e9409de5ac4?s=96&d=mm&r=g","caption":"tripto"},"url":"https:\/\/www.tripto.se\/blog\/author\/tripto\/"}]}},"_links":{"self":[{"href":"https:\/\/www.tripto.se\/blog\/wp-json\/wp\/v2\/posts\/17","targetHints":{"allow":["GET"]}}],"collection":[{"href":"https:\/\/www.tripto.se\/blog\/wp-json\/wp\/v2\/posts"}],"about":[{"href":"https:\/\/www.tripto.se\/blog\/wp-json\/wp\/v2\/types\/post"}],"author":[{"embeddable":true,"href":"https:\/\/www.tripto.se\/blog\/wp-json\/wp\/v2\/users\/2"}],"replies":[{"embeddable":true,"href":"https:\/\/www.tripto.se\/blog\/wp-json\/wp\/v2\/comments?post=17"}],"version-history":[{"count":1,"href":"https:\/\/www.tripto.se\/blog\/wp-json\/wp\/v2\/posts\/17\/revisions"}],"predecessor-version":[{"id":18,"href":"https:\/\/www.tripto.se\/blog\/wp-json\/wp\/v2\/posts\/17\/revisions\/18"}],"wp:featuredmedia":[{"embeddable":true,"href":"https:\/\/www.tripto.se\/blog\/wp-json\/wp\/v2\/media\/14"}],"wp:attachment":[{"href":"https:\/\/www.tripto.se\/blog\/wp-json\/wp\/v2\/media?parent=17"}],"wp:term":[{"taxonomy":"category","embeddable":true,"href":"https:\/\/www.tripto.se\/blog\/wp-json\/wp\/v2\/categories?post=17"},{"taxonomy":"post_tag","embeddable":true,"href":"https:\/\/www.tripto.se\/blog\/wp-json\/wp\/v2\/tags?post=17"}],"curies":[{"name":"wp","href":"https:\/\/api.w.org\/{rel}","templated":true}]}}